{"id":39971,"date":"2020-03-18T00:00:00","date_gmt":"2020-03-17T22:00:00","guid":{"rendered":"https:\/\/steps.eliasarndt.de\/wie-ist-die-situation-der-volontaerinnen-in-namibia\/"},"modified":"2020-03-18T00:00:00","modified_gmt":"2020-03-17T22:00:00","slug":"wie-ist-die-situation-der-volontaerinnen-in-namibia","status":"publish","type":"post","link":"https:\/\/www.stepsforchildren.de\/en\/wie-ist-die-situation-der-volontaerinnen-in-namibia\/","title":{"rendered":"What is the situation of volunteers in Namibia?"},"content":{"rendered":"<p><\/p>\n\n\n\n<p>Bis auf ganz wenige Ausnahmen sind unsere <strong>Kurzzeit-Volont\u00e4r*innen<\/strong> zur\u00fcck nach Deutschland geflogen oder planen ihre Abreise. Unsere Partnerorganisation f\u00fcr die \u201e<strong>weltw\u00e4rts<\/strong>\u201c Volont\u00e4r*innen, Volunta gGmbH, hat auf Beschluss des Bundesministeriums f\u00fcr wirtschaftliche Zusammenarbeit und Entwicklung eine R\u00fcckholaktion gestartet. Momentan warten die Volont\u00e4r*innen auf Nachricht, wie und wann das geschehen soll. Wir bedauern es sehr, dass das FSJ so schnell zu Ende gehen muss und unsere engagierten jungen Helfer*innen aus ihrer Arbeit aufgrund des Coronavirus herausgerissen werden.<\/p>\n\n\n\n<p><strong>Hinweis:<\/strong><br>Volont\u00e4r*innen, die im Laufe dieses Jahres bei steps for children in Namibia arbeiten wollten und schon alle Vorbereitungen getroffen haben, m\u00fcssen die Entwicklung abwarten. Zur Zeit sind dazu keine Aussagen m\u00f6glich.<\/p>\n\n\n<p><a href=\"https:\/\/www.stepsforchildren.de\/wp-content\/uploads\/2020\/03\/IMG_2069-scaled.jpeg\" data-elementor-lightbox-slideshow=\"all-c530407\"><br>\n\t\t\t\t\t\t\t\t\t\t\t\t\t\t<\/a><br>\n\t\t\t\t\t\t\t<a href=\"https:\/\/www.stepsforchildren.de\/wp-content\/uploads\/2020\/03\/IMG_2048-scaled.jpeg\" data-elementor-lightbox-slideshow=\"all-c530407\"><br>\n\t\t\t\t\t\t\t\t\t\t\t\t\t\t<\/a><br>\n\t\t\t\t\t\t\t<a href=\"https:\/\/www.stepsforchildren.de\/wp-content\/uploads\/2020\/03\/UNADJUSTEDNONRAW_thumb_510d.jpg\" data-elementor-lightbox-slideshow=\"all-c530407\"><br>\n\t\t\t\t\t\t\t\t\t\t\t\t\t\t<\/a><\/p>","protected":false},"excerpt":{"rendered":"<p>Bis auf ganz wenige Ausnahmen sind unsere Kurzzeit-Volont\u00e4r*innen zur\u00fcck nach Deutschland geflogen oder planen ihre Abreise. Unsere Partnerorganisation f\u00fcr die \u201eweltw\u00e4rts\u201c Volont\u00e4r*innen, Volunta gGmbH, hat auf Beschluss des Bundesministeriums f\u00fcr wirtschaftliche Zusammenarbeit und Entwicklung eine R\u00fcckholaktion gestartet. Momentan warten die Volont\u00e4r*innen auf Nachricht, wie und wann das geschehen soll. Wir bedauern es sehr, dass das [&hellip;]<\/p>\n","protected":false},"author":2,"featured_media":0,"comment_status":"open","ping_status":"open","sticky":false,"template":"","format":"standard","meta":{"site-sidebar-layout":"default","site-content-layout":"","ast-site-content-layout":"default","site-content-style":"default","site-sidebar-style":"default","ast-global-header-display":"","ast-banner-title-visibility":"","ast-main-header-display":"","ast-hfb-above-header-display":"","ast-hfb-below-header-display":"","ast-hfb-mobile-header-display":"","site-post-title":"","ast-breadcrumbs-content":"","ast-featured-img":"","footer-sml-layout":"","ast-disable-related-posts":"","theme-transparent-header-meta":"","adv-header-id-meta":"","stick-header-meta":"","header-above-stick-meta":"","header-main-stick-meta":"","header-below-stick-meta":"","astra-migrate-meta-layouts":"default","ast-page-background-enabled":"default","ast-page-background-meta":{"desktop":{"background-color":"var(--ast-global-color-4)","background-image":"","background-repeat":"repeat","background-position":"center center","background-size":"auto","background-attachment":"scroll","background-type":"","background-media":"","overlay-type":"","overlay-color":"","overlay-opacity":"","overlay-gradient":""},"tablet":{"background-color":"","background-image":"","background-repeat":"repeat","background-position":"center center","background-size":"auto","background-attachment":"scroll","background-type":"","background-media":"","overlay-type":"","overlay-color":"","overlay-opacity":"","overlay-gradient":""},"mobile":{"background-color":"","background-image":"","background-repeat":"repeat","background-position":"center center","background-size":"auto","background-attachment":"scroll","background-type":"","background-media":"","overlay-type":"","overlay-color":"","overlay-opacity":"","overlay-gradient":""}},"ast-content-background-meta":{"desktop":{"background-color":"var(--ast-global-color-5)","background-image":"","background-repeat":"repeat","background-position":"center center","background-size":"auto","background-attachment":"scroll","background-type":"","background-media":"","overlay-type":"","overlay-color":"","overlay-opacity":"","overlay-gradient":""},"tablet":{"background-color":"var(--ast-global-color-5)","background-image":"","background-repeat":"repeat","background-position":"center center","background-size":"auto","background-attachment":"scroll","background-type":"","background-media":"","overlay-type":"","overlay-color":"","overlay-opacity":"","overlay-gradient":""},"mobile":{"background-color":"var(--ast-global-color-5)","background-image":"","background-repeat":"repeat","background-position":"center center","background-size":"auto","background-attachment":"scroll","background-type":"","background-media":"","overlay-type":"","overlay-color":"","overlay-opacity":"","overlay-gradient":""}},"footnotes":""},"categories":[29,30],"tags":[],"class_list":["post-39971","post","type-post","status-publish","format-standard","hentry","category-informieren","category-steps-aktuell"],"_links":{"self":[{"href":"https:\/\/www.stepsforchildren.de\/en\/wp-json\/wp\/v2\/posts\/39971","targetHints":{"allow":["GET"]}}],"collection":[{"href":"https:\/\/www.stepsforchildren.de\/en\/wp-json\/wp\/v2\/posts"}],"about":[{"href":"https:\/\/www.stepsforchildren.de\/en\/wp-json\/wp\/v2\/types\/post"}],"author":[{"embeddable":true,"href":"https:\/\/www.stepsforchildren.de\/en\/wp-json\/wp\/v2\/users\/2"}],"replies":[{"embeddable":true,"href":"https:\/\/www.stepsforchildren.de\/en\/wp-json\/wp\/v2\/comments?post=39971"}],"version-history":[{"count":0,"href":"https:\/\/www.stepsforchildren.de\/en\/wp-json\/wp\/v2\/posts\/39971\/revisions"}],"wp:attachment":[{"href":"https:\/\/www.stepsforchildren.de\/en\/wp-json\/wp\/v2\/media?parent=39971"}],"wp:term":[{"taxonomy":"category","embeddable":true,"href":"https:\/\/www.stepsforchildren.de\/en\/wp-json\/wp\/v2\/categories?post=39971"},{"taxonomy":"post_tag","embeddable":true,"href":"https:\/\/www.stepsforchildren.de\/en\/wp-json\/wp\/v2\/tags?post=39971"}],"curies":[{"name":"wp","href":"https:\/\/api.w.org\/{rel}","templated":true}]}}