{"id":40038,"date":"2021-06-22T00:00:00","date_gmt":"2021-06-21T22:00:00","guid":{"rendered":"https:\/\/steps.eliasarndt.de\/3-infektionswelle-macht-auch-vor-steps-nicht-halt\/"},"modified":"2021-06-22T00:00:00","modified_gmt":"2021-06-21T22:00:00","slug":"3-infektionswelle-macht-auch-vor-steps-nicht-halt","status":"publish","type":"post","link":"https:\/\/www.stepsforchildren.de\/en\/3-infektionswelle-macht-auch-vor-steps-nicht-halt\/","title":{"rendered":"3. Infektionswelle macht auch vor steps nicht halt"},"content":{"rendered":"<h4>Mitarbeiterinnen und Mitarbeiter sind infiziert<\/h4>\n<p>Noch w\u00e4hrend Gr\u00fcnder Michael Hoppe auf Projektreise in Namibia war, ist dort die dritte und <strong>bisher heftigste Infektionswelle ausgebrochen.<\/strong> Es sind dramatische Situationen in einigen St\u00e4dten und Regionen, so gelten Ein- und Ausreisebeschr\u00e4nkungen f\u00fcr das Gebiet, das die St\u00e4dte Windhoek, Okahandja und Rehoboth umfasst. In den staatlichen Krankenh\u00e4usern herrschen grenzwertige Zust\u00e4nde, <strong>es fehlen Beatmungsger\u00e4te und Sauerstoff<\/strong>. Viele Bekannte von mir vor Ort sind infiziert und einige davon haben das Virus nicht \u00fcberlebt. Auch Mitarbeiter*innen und Kinder in unseren Projekten haben sich angesteckt. Unsere Nationale Koordinatorin Ulrike Mai hat <strong>verzweifelt versucht, f\u00fcr eine schwer erkrankte Projektleiterin und ihren Mann ein Beatmungsger\u00e4t und Sauerstoff zu besorgen: der Sauerstoff ist einfach nicht erh\u00e4ltlich.<\/strong><\/p>\n<h5><strong>Zu wenig Impfungen<\/strong><\/h5>\n<p>Trotz des gro\u00dfen Impfangebots sind nur ganz wenige Impfungen verzeichnet worden: <strong>bereits zweimal geimpft wurden 0,78 %, die Erstimpfung erhielten 4,1 %.<\/strong> Bisher lie\u00dfen sich gr\u00f6\u00dfere Teile der Bev\u00f6lkerung kaum von einer schutzbietenden Impfung \u00fcberzeugen, doch in den letzten 3 Tagen mit teilweise \u00fcber 2.000 Neuinfektionen pro Tag hat sich die Situation ein wenig ge\u00e4ndert.<\/p>\n<blockquote><p>\u201eCorona hat ein Gesicht bekommen, nahezu jeder kennt jetzt Infizierte und Tote\u201c, sagt Ulrike Mai, Nationale Koordinatorin.<\/p><\/blockquote>\n<p>Die Kinderg\u00e4rten und Vorschulen sowie alle Schulen m\u00fcssen schlie\u00dfen und die Kinder in vorgezogene Winterferien senden. Nicht nur Erwachsene infizieren sich und haben teils schwere Verl\u00e4ufe \u2013 auch Kinder sind von der Infektion betroffen.<\/p>\n<p>Wir versuchen in allen Projekten unsere <strong>Suppenk\u00fcchen ge\u00f6ffnet<\/strong> zu halten, doch die Lage wird immer schwieriger. Viele Personalausf\u00e4lle erm\u00f6glichen kaum den kontinuierlichen Betrieb. Trotzdem versuchen unsere Projektleiterinnen mindestens den Suppenk\u00fcchenbetrieb aufrecht zu erhalten, damit kein Kind zu Hause Hunger leiden muss. In Okahandja bleibt die Suppenk\u00fcche ge\u00f6ffnet und teilt nicht wie bisher an 3 sondern an 5 Tagen in der Woche Mahlzeiten aus.<\/p>\n<p>Mit Eurer Hilfe k\u00f6nnen wir zumindest die t\u00e4glichen Mahlzeiten f\u00fcr die Kinder und ihre Angeh\u00f6rigen sicherstellen.<\/p>\n<h5 style=\"text-align: center;\"><strong>Spende hier f\u00fcr unsere Suppenk\u00fcchen und<br \/>\nstelle damit t\u00e4gliche warme Mahlzeiten f\u00fcr unsere steps Kinder sicher.<\/strong><\/h5>\n<h5 style=\"font-style: normal; text-align: center;\">Mit 40 \u20ac finanzierst Du\u00a0die Nahrung f\u00fcr 1 Kind + 2 Angeh\u00f6rige\u00a0an 5 Tagen die Woche\u00a01 Monat lang.<\/h5>\n<h5 style=\"text-align: center;\"><\/h5>\n<p><a role=\"button\" href=\"https:\/\/www.stepsforchildren.de\/en\/spenden\/jetzt-spenden\/?amount=40&amp;interval=0&amp;fb_item_id_fix=31335\"><br \/>\nMAHLZEITEN<br \/>\n<\/a><\/p>","protected":false},"excerpt":{"rendered":"<p>Mitarbeiterinnen und Mitarbeiter sind infiziert Noch w\u00e4hrend Gr\u00fcnder Michael Hoppe auf Projektreise in Namibia war, ist dort die dritte und bisher heftigste Infektionswelle ausgebrochen. Es sind dramatische Situationen in einigen St\u00e4dten und Regionen, so gelten Ein- und Ausreisebeschr\u00e4nkungen f\u00fcr das Gebiet, das die St\u00e4dte Windhoek, Okahandja und Rehoboth umfasst. In den staatlichen Krankenh\u00e4usern herrschen grenzwertige [&hellip;]<\/p>\n","protected":false},"author":2,"featured_media":0,"comment_status":"open","ping_status":"open","sticky":false,"template":"","format":"standard","meta":{"site-sidebar-layout":"default","site-content-layout":"","ast-site-content-layout":"default","site-content-style":"default","site-sidebar-style":"default","ast-global-header-display":"","ast-banner-title-visibility":"","ast-main-header-display":"","ast-hfb-above-header-display":"","ast-hfb-below-header-display":"","ast-hfb-mobile-header-display":"","site-post-title":"","ast-breadcrumbs-content":"","ast-featured-img":"","footer-sml-layout":"","ast-disable-related-posts":"","theme-transparent-header-meta":"","adv-header-id-meta":"","stick-header-meta":"","header-above-stick-meta":"","header-main-stick-meta":"","header-below-stick-meta":"","astra-migrate-meta-layouts":"default","ast-page-background-enabled":"default","ast-page-background-meta":{"desktop":{"background-color":"var(--ast-global-color-4)","background-image":"","background-repeat":"repeat","background-position":"center center","background-size":"auto","background-attachment":"scroll","background-type":"","background-media":"","overlay-type":"","overlay-color":"","overlay-opacity":"","overlay-gradient":""},"tablet":{"background-color":"","background-image":"","background-repeat":"repeat","background-position":"center center","background-size":"auto","background-attachment":"scroll","background-type":"","background-media":"","overlay-type":"","overlay-color":"","overlay-opacity":"","overlay-gradient":""},"mobile":{"background-color":"","background-image":"","background-repeat":"repeat","background-position":"center center","background-size":"auto","background-attachment":"scroll","background-type":"","background-media":"","overlay-type":"","overlay-color":"","overlay-opacity":"","overlay-gradient":""}},"ast-content-background-meta":{"desktop":{"background-color":"var(--ast-global-color-5)","background-image":"","background-repeat":"repeat","background-position":"center center","background-size":"auto","background-attachment":"scroll","background-type":"","background-media":"","overlay-type":"","overlay-color":"","overlay-opacity":"","overlay-gradient":""},"tablet":{"background-color":"var(--ast-global-color-5)","background-image":"","background-repeat":"repeat","background-position":"center center","background-size":"auto","background-attachment":"scroll","background-type":"","background-media":"","overlay-type":"","overlay-color":"","overlay-opacity":"","overlay-gradient":""},"mobile":{"background-color":"var(--ast-global-color-5)","background-image":"","background-repeat":"repeat","background-position":"center center","background-size":"auto","background-attachment":"scroll","background-type":"","background-media":"","overlay-type":"","overlay-color":"","overlay-opacity":"","overlay-gradient":""}},"footnotes":""},"categories":[29,30],"tags":[],"class_list":["post-40038","post","type-post","status-publish","format-standard","hentry","category-informieren","category-steps-aktuell"],"_links":{"self":[{"href":"https:\/\/www.stepsforchildren.de\/en\/wp-json\/wp\/v2\/posts\/40038","targetHints":{"allow":["GET"]}}],"collection":[{"href":"https:\/\/www.stepsforchildren.de\/en\/wp-json\/wp\/v2\/posts"}],"about":[{"href":"https:\/\/www.stepsforchildren.de\/en\/wp-json\/wp\/v2\/types\/post"}],"author":[{"embeddable":true,"href":"https:\/\/www.stepsforchildren.de\/en\/wp-json\/wp\/v2\/users\/2"}],"replies":[{"embeddable":true,"href":"https:\/\/www.stepsforchildren.de\/en\/wp-json\/wp\/v2\/comments?post=40038"}],"version-history":[{"count":0,"href":"https:\/\/www.stepsforchildren.de\/en\/wp-json\/wp\/v2\/posts\/40038\/revisions"}],"wp:attachment":[{"href":"https:\/\/www.stepsforchildren.de\/en\/wp-json\/wp\/v2\/media?parent=40038"}],"wp:term":[{"taxonomy":"category","embeddable":true,"href":"https:\/\/www.stepsforchildren.de\/en\/wp-json\/wp\/v2\/categories?post=40038"},{"taxonomy":"post_tag","embeddable":true,"href":"https:\/\/www.stepsforchildren.de\/en\/wp-json\/wp\/v2\/tags?post=40038"}],"curies":[{"name":"wp","href":"https:\/\/api.w.org\/{rel}","templated":true}]}}