{"id":40226,"date":"2025-07-11T00:00:00","date_gmt":"2025-07-10T22:00:00","guid":{"rendered":"https:\/\/steps.eliasarndt.de\/engagement-fuer-steps\/"},"modified":"2025-11-18T10:57:08","modified_gmt":"2025-11-18T08:57:08","slug":"engagement-fuer-steps","status":"publish","type":"post","link":"https:\/\/www.stepsforchildren.de\/en\/engagement-fuer-steps\/","title":{"rendered":"Commitment to steps"},"content":{"rendered":"<p><strong>Auch in diesem Jahr konnte die Stiftung steps for children erfolgreich an der Er\u00f6ffnung des <a href=\"https:\/\/kultursommer-am-kanal.de\/\" target=\"_blank\" rel=\"noopener\">KulturSommers am Kanal<\/a> teilnehmen.<\/strong><\/p>\n<p>Die Stiftung steps for children beim KulturSommer am Kanal im Kreis Herzogtum Lauenburg zu repr\u00e4sentieren war am letzten Sonntag im Juni eine gro\u00dfe Freude f\u00fcr <strong>Janina Tege<\/strong> and <strong>Anton Rathgeb<\/strong>. An ihrem Stand haben wieder viele Besucher:innen N\u00e4hprodukte der N\u00e4hwerkstatt in Okakarara erworben. Au\u00dferdem konnten die beiden Ehrenamtlichen Gespr\u00e4che mit vielen Interessierten f\u00fchren und sie von steps begeistern.<br \/>\nDa die Stiftung dieses Jahr nur an einem Tag des Er\u00f6ffnungswochenendes dabei sein konnte, war es zwar nicht m\u00f6glich an den Erfolg des vergangenen Jahres anzukn\u00fcpfen, dennoch sind wieder viele kostbare Spenden im zweistelligen Bereich zusammengekommen.<\/p>\n<p>Eine kleine Kindermalecke wurde eingerichtet, die auch die kleinsten begeistert hat!<\/p>\n<p><strong>Wir freuen uns immer \u00fcber neue Ehrenamtliche, die Zeit und Lust haben in Zukunft bei solchen Veranstaltungen mitzuwirken.<\/strong><\/p>\n<p>Ein herzlicher Dank an all die wundervollen Menschen, welche die Stiftung im kleinen und gro\u00dfen Rahmen unterst\u00fctzen!<\/p>\n<p><strong>Liebe Janina, lieber Anton,<br \/>\n<\/strong><strong>wir danken euch sehr herzlich f\u00fcr euer kontinuierliches und weitreichendes Engagement und die liebevolle Gestaltung des Standes! <\/strong><\/p>\n<p><strong>Ebenso m\u00f6chten wir uns herzlich bei dem B\u00fcrgermeister von Siebeneichen f\u00fcr die wunderbare M\u00f6glichkeit bedanken, steps for children nun schon zum zweiten Mal mit einem Infostand auf dem Fest pr\u00e4sentieren zu d\u00fcrfen!<\/strong><\/p>","protected":false},"excerpt":{"rendered":"<p>Auch in diesem Jahr konnte die Stiftung steps for children erfolgreich an der Er\u00f6ffnung des KulturSommers am Kanal teilnehmen. Die Stiftung steps for children beim KulturSommer am Kanal im Kreis Herzogtum Lauenburg zu repr\u00e4sentieren war am letzten Sonntag im Juni eine gro\u00dfe Freude f\u00fcr Janina Tege und Anton Rathgeb. An ihrem Stand haben wieder viele [&hellip;]<\/p>\n","protected":false},"author":2,"featured_media":40251,"comment_status":"open","ping_status":"open","sticky":false,"template":"","format":"standard","meta":{"site-sidebar-layout":"default","site-content-layout":"","ast-site-content-layout":"default","site-content-style":"default","site-sidebar-style":"default","ast-global-header-display":"","ast-banner-title-visibility":"","ast-main-header-display":"","ast-hfb-above-header-display":"","ast-hfb-below-header-display":"","ast-hfb-mobile-header-display":"","site-post-title":"","ast-breadcrumbs-content":"","ast-featured-img":"","footer-sml-layout":"","ast-disable-related-posts":"","theme-transparent-header-meta":"","adv-header-id-meta":"","stick-header-meta":"","header-above-stick-meta":"","header-main-stick-meta":"","header-below-stick-meta":"","astra-migrate-meta-layouts":"set","ast-page-background-enabled":"default","ast-page-background-meta":{"desktop":{"background-color":"var(--ast-global-color-4)","background-image":"","background-repeat":"repeat","background-position":"center center","background-size":"auto","background-attachment":"scroll","background-type":"","background-media":"","overlay-type":"","overlay-color":"","overlay-opacity":"","overlay-gradient":""},"tablet":{"background-color":"","background-image":"","background-repeat":"repeat","background-position":"center center","background-size":"auto","background-attachment":"scroll","background-type":"","background-media":"","overlay-type":"","overlay-color":"","overlay-opacity":"","overlay-gradient":""},"mobile":{"background-color":"","background-image":"","background-repeat":"repeat","background-position":"center center","background-size":"auto","background-attachment":"scroll","background-type":"","background-media":"","overlay-type":"","overlay-color":"","overlay-opacity":"","overlay-gradient":""}},"ast-content-background-meta":{"desktop":{"background-color":"var(--ast-global-color-5)","background-image":"","background-repeat":"repeat","background-position":"center center","background-size":"auto","background-attachment":"scroll","background-type":"","background-media":"","overlay-type":"","overlay-color":"","overlay-opacity":"","overlay-gradient":""},"tablet":{"background-color":"var(--ast-global-color-5)","background-image":"","background-repeat":"repeat","background-position":"center center","background-size":"auto","background-attachment":"scroll","background-type":"","background-media":"","overlay-type":"","overlay-color":"","overlay-opacity":"","overlay-gradient":""},"mobile":{"background-color":"var(--ast-global-color-5)","background-image":"","background-repeat":"repeat","background-position":"center center","background-size":"auto","background-attachment":"scroll","background-type":"","background-media":"","overlay-type":"","overlay-color":"","overlay-opacity":"","overlay-gradient":""}},"footnotes":""},"categories":[29,30],"tags":[],"class_list":["post-40226","post","type-post","status-publish","format-standard","has-post-thumbnail","hentry","category-informieren","category-steps-aktuell"],"_links":{"self":[{"href":"https:\/\/www.stepsforchildren.de\/en\/wp-json\/wp\/v2\/posts\/40226","targetHints":{"allow":["GET"]}}],"collection":[{"href":"https:\/\/www.stepsforchildren.de\/en\/wp-json\/wp\/v2\/posts"}],"about":[{"href":"https:\/\/www.stepsforchildren.de\/en\/wp-json\/wp\/v2\/types\/post"}],"author":[{"embeddable":true,"href":"https:\/\/www.stepsforchildren.de\/en\/wp-json\/wp\/v2\/users\/2"}],"replies":[{"embeddable":true,"href":"https:\/\/www.stepsforchildren.de\/en\/wp-json\/wp\/v2\/comments?post=40226"}],"version-history":[{"count":3,"href":"https:\/\/www.stepsforchildren.de\/en\/wp-json\/wp\/v2\/posts\/40226\/revisions"}],"predecessor-version":[{"id":41286,"href":"https:\/\/www.stepsforchildren.de\/en\/wp-json\/wp\/v2\/posts\/40226\/revisions\/41286"}],"wp:featuredmedia":[{"embeddable":true,"href":"https:\/\/www.stepsforchildren.de\/en\/wp-json\/wp\/v2\/media\/40251"}],"wp:attachment":[{"href":"https:\/\/www.stepsforchildren.de\/en\/wp-json\/wp\/v2\/media?parent=40226"}],"wp:term":[{"taxonomy":"category","embeddable":true,"href":"https:\/\/www.stepsforchildren.de\/en\/wp-json\/wp\/v2\/categories?post=40226"},{"taxonomy":"post_tag","embeddable":true,"href":"https:\/\/www.stepsforchildren.de\/en\/wp-json\/wp\/v2\/tags?post=40226"}],"curies":[{"name":"wp","href":"https:\/\/api.w.org\/{rel}","templated":true}]}}